{"id":2811,"date":"2024-07-08T08:42:42","date_gmt":"2024-07-08T08:42:42","guid":{"rendered":"https:\/\/nukiz.org\/unkategorisiert\/melden-sie-sich-fuer-unsere-sommer-kizomba-intensivkurse-in-madrid-an\/"},"modified":"2024-07-08T08:43:07","modified_gmt":"2024-07-08T08:43:07","slug":"melden-sie-sich-fuer-unsere-sommer-kizomba-intensivkurse-in-madrid-an","status":"publish","type":"post","link":"https:\/\/nukiz.org\/de\/neuigkeiten-und-updates-zu-unseren-kizomba-kursen\/melden-sie-sich-fuer-unsere-sommer-kizomba-intensivkurse-in-madrid-an\/","title":{"rendered":"Melden Sie sich f\u00fcr unsere Sommer-Kizomba-Intensivkurse in Madrid an!"},"content":{"rendered":"\n<p>Der Sommer ist gleichbedeutend mit Spa\u00df, langen Tagen und warmen N\u00e4chten, neuen Erfahrungen und &#8211; f\u00fcr viele von uns &#8211; viel Tanz. Wir bei <strong>nukiz<\/strong> wissen, dass es nichts L\u00e4ngeres gibt als einen Sommer ohne Tanzen. Deshalb freuen wir uns, unsere Kizomba-Kurse f\u00fcr die Monate Juli und August 2024 in Madrid anzuk\u00fcndigen. Wir sind darauf spezialisiert, ein einzigartiges und bereicherndes Erlebnis zu bieten, bei dem jeder Kurs zu einer Party wird.  <\/p>\n\n<p>Egal, ob Sie Anf\u00e4nger sind oder bereits Erfahrung haben, unsere professionellen Trainer werden Sie durch jeden Schritt und jede Bewegung f\u00fchren. Au\u00dferdem finden unsere Kurse in einer entspannten und freundlichen Atmosph\u00e4re statt, ideal um neue Freunde zu finden und unvergessliche Momente zu erleben. Kommen Sie zu uns und entdecken Sie in diesem Sommer die Magie der Kizomba.<\/p>\n\n<h3 class=\"wp-block-heading\">Warum Kizomba?<\/h3>\n\n<p>Kizomba ist viel mehr als nur ein Tanz. Es ist eine Form des Ausdrucks, eine tiefe Verbundenheit mit der Musik und eine einzigartige Art, Kontakte zu kn\u00fcpfen und zu genie\u00dfen. Urspr\u00fcnglich aus Angola stammend, hat Kizomba die Welt mit seinen tausend Rhythmen, seinen flie\u00dfenden Bewegungen und seiner F\u00e4higkeit, Menschen in einem intimen Tanz zu vereinen, der Geist und K\u00f6rper, Bekannte und Fremde miteinander verbindet, erobert.<\/p>\n\n<h3 class=\"wp-block-heading\">Sommerkurse zum Kizomba tanzen Madrid<\/h3>\n\n<p>Wir bieten eine breite Palette von Kursen f\u00fcr Anf\u00e4nger und Fortgeschrittene an. Unsere Lehrer sind Profis mit jahrelanger Erfahrung, die sich f\u00fcr Kizomba begeistern und ihre Liebe zu diesem Tanz mit jedem einzelnen Teilnehmer teilen m\u00f6chten.<\/p>\n\n<figure class=\"wp-block-image size-full is-resized\"><img loading=\"lazy\" decoding=\"async\" width=\"712\" height=\"572\" src=\"https:\/\/nukiz.org\/wp-content\/uploads\/2024\/07\/nukiz_verano_2024.png\" alt=\"\" class=\"wp-image-2796\" style=\"width:801px;height:auto\" srcset=\"https:\/\/nukiz.org\/wp-content\/uploads\/2024\/07\/nukiz_verano_2024.png 712w, https:\/\/nukiz.org\/wp-content\/uploads\/2024\/07\/nukiz_verano_2024-300x241.png 300w, https:\/\/nukiz.org\/wp-content\/uploads\/2024\/07\/nukiz_verano_2024-705x566.png 705w\" sizes=\"auto, (max-width: 712px) 100vw, 712px\" \/><\/figure>\n\n<h2 class=\"wp-block-heading\"><strong>Sonderpreise im Juli und August f\u00fcr kleine Gruppen<\/strong>!<\/h2>\n\n<p><strong>Sonderpreise im Juli und August und f\u00fcr kleine Gruppen.<\/strong><\/p>\n\n<figure class=\"wp-block-image size-full\"><img loading=\"lazy\" decoding=\"async\" width=\"710\" height=\"567\" src=\"https:\/\/nukiz.org\/wp-content\/uploads\/2024\/07\/precios_nukiz_verano_204-1.png\" alt=\"\" class=\"wp-image-2801\" srcset=\"https:\/\/nukiz.org\/wp-content\/uploads\/2024\/07\/precios_nukiz_verano_204-1.png 710w, https:\/\/nukiz.org\/wp-content\/uploads\/2024\/07\/precios_nukiz_verano_204-1-300x240.png 300w, https:\/\/nukiz.org\/wp-content\/uploads\/2024\/07\/precios_nukiz_verano_204-1-705x563.png 705w\" sizes=\"auto, (max-width: 710px) 100vw, 710px\" \/><\/figure>\n","protected":false},"excerpt":{"rendered":"<p>Der Sommer ist gleichbedeutend mit Spa\u00df, langen Tagen und warmen N\u00e4chten, neuen Erfahrungen und &#8211; f\u00fcr viele von uns &#8211; viel Tanz. Wir bei nukiz wissen, dass es nichts L\u00e4ngeres [&hellip;]<\/p>\n","protected":false},"author":1,"featured_media":2799,"comment_status":"open","ping_status":"open","sticky":false,"template":"","format":"standard","meta":{"_price":"","_stock":"","_tribe_ticket_header":"","_tribe_default_ticket_provider":"","_tribe_ticket_capacity":"0","_ticket_start_date":"","_ticket_end_date":"","_tribe_ticket_show_description":"","_tribe_ticket_show_not_going":false,"_tribe_ticket_use_global_stock":"","_tribe_ticket_global_stock_level":"","_global_stock_mode":"","_global_stock_cap":"","_tribe_rsvp_for_event":"","_tribe_ticket_going_count":"","_tribe_ticket_not_going_count":"","_tribe_tickets_list":"[]","_tribe_ticket_has_attendee_info_fields":false,"_jetpack_memberships_contains_paid_content":false,"footnotes":""},"categories":[44],"tags":[],"class_list":["post-2811","post","type-post","status-publish","format-standard","has-post-thumbnail","hentry","category-neuigkeiten-und-updates-zu-unseren-kizomba-kursen"],"yoast_head":"<!-- This site is optimized with the Yoast SEO plugin v27.5 - https:\/\/yoast.com\/product\/yoast-seo-wordpress\/ -->\n<title>Melden Sie sich f\u00fcr unsere Sommer-Kizomba-Intensivkurse in Madrid an! - NuKiz | Madrid Kizomba Revolution<\/title>\n<meta name=\"robots\" content=\"index, follow, max-snippet:-1, max-image-preview:large, max-video-preview:-1\" \/>\n<link rel=\"canonical\" href=\"https:\/\/nukiz.org\/de\/neuigkeiten-und-updates-zu-unseren-kizomba-kursen\/melden-sie-sich-fuer-unsere-sommer-kizomba-intensivkurse-in-madrid-an\/\" \/>\n<meta property=\"og:locale\" content=\"de_DE\" \/>\n<meta property=\"og:type\" content=\"article\" \/>\n<meta property=\"og:title\" content=\"Melden Sie sich f\u00fcr unsere Sommer-Kizomba-Intensivkurse in Madrid an! - NuKiz | Madrid Kizomba Revolution\" \/>\n<meta property=\"og:description\" content=\"Der Sommer ist gleichbedeutend mit Spa\u00df, langen Tagen und warmen N\u00e4chten, neuen Erfahrungen und &#8211; f\u00fcr viele von uns &#8211; viel Tanz. Wir bei nukiz wissen, dass es nichts L\u00e4ngeres [&hellip;]\" \/>\n<meta property=\"og:url\" content=\"https:\/\/nukiz.org\/de\/neuigkeiten-und-updates-zu-unseren-kizomba-kursen\/melden-sie-sich-fuer-unsere-sommer-kizomba-intensivkurse-in-madrid-an\/\" \/>\n<meta property=\"og:site_name\" content=\"NuKiz | Madrid Kizomba Revolution\" \/>\n<meta property=\"article:published_time\" content=\"2024-07-08T08:42:42+00:00\" \/>\n<meta property=\"article:modified_time\" content=\"2024-07-08T08:43:07+00:00\" \/>\n<meta property=\"og:image\" content=\"https:\/\/nukiz.org\/wp-content\/uploads\/2024\/07\/nukiz_verano_2024.png\" \/>\n\t<meta property=\"og:image:width\" content=\"712\" \/>\n\t<meta property=\"og:image:height\" content=\"572\" \/>\n\t<meta property=\"og:image:type\" content=\"image\/png\" \/>\n<meta name=\"author\" content=\"alfred\" \/>\n<meta name=\"twitter:card\" content=\"summary_large_image\" \/>\n<meta name=\"twitter:label1\" content=\"Verfasst von\" \/>\n\t<meta name=\"twitter:data1\" content=\"alfred\" \/>\n\t<meta name=\"twitter:label2\" content=\"Gesch\u00e4tzte Lesezeit\" \/>\n\t<meta name=\"twitter:data2\" content=\"1\u00a0Minute\" \/>\n<script type=\"application\/ld+json\" class=\"yoast-schema-graph\">{\"@context\":\"https:\\\/\\\/schema.org\",\"@graph\":[{\"@type\":\"Article\",\"@id\":\"https:\\\/\\\/nukiz.org\\\/de\\\/neuigkeiten-und-updates-zu-unseren-kizomba-kursen\\\/melden-sie-sich-fuer-unsere-sommer-kizomba-intensivkurse-in-madrid-an\\\/#article\",\"isPartOf\":{\"@id\":\"https:\\\/\\\/nukiz.org\\\/de\\\/neuigkeiten-und-updates-zu-unseren-kizomba-kursen\\\/melden-sie-sich-fuer-unsere-sommer-kizomba-intensivkurse-in-madrid-an\\\/\"},\"author\":{\"name\":\"alfred\",\"@id\":\"https:\\\/\\\/nukiz.org\\\/de\\\/#\\\/schema\\\/person\\\/933c33060312577e455e8e3b79f37df5\"},\"headline\":\"Melden Sie sich f\u00fcr unsere Sommer-Kizomba-Intensivkurse in Madrid an!\",\"datePublished\":\"2024-07-08T08:42:42+00:00\",\"dateModified\":\"2024-07-08T08:43:07+00:00\",\"mainEntityOfPage\":{\"@id\":\"https:\\\/\\\/nukiz.org\\\/de\\\/neuigkeiten-und-updates-zu-unseren-kizomba-kursen\\\/melden-sie-sich-fuer-unsere-sommer-kizomba-intensivkurse-in-madrid-an\\\/\"},\"wordCount\":283,\"commentCount\":0,\"publisher\":{\"@id\":\"https:\\\/\\\/nukiz.org\\\/de\\\/#organization\"},\"image\":{\"@id\":\"https:\\\/\\\/nukiz.org\\\/de\\\/neuigkeiten-und-updates-zu-unseren-kizomba-kursen\\\/melden-sie-sich-fuer-unsere-sommer-kizomba-intensivkurse-in-madrid-an\\\/#primaryimage\"},\"thumbnailUrl\":\"https:\\\/\\\/nukiz.org\\\/wp-content\\\/uploads\\\/2024\\\/07\\\/nukiz_verano_2024.png\",\"articleSection\":[\"Neuigkeiten und Updates zu unseren Kizomba-Kursen\"],\"inLanguage\":\"de\",\"potentialAction\":[{\"@type\":\"CommentAction\",\"name\":\"Comment\",\"target\":[\"https:\\\/\\\/nukiz.org\\\/de\\\/neuigkeiten-und-updates-zu-unseren-kizomba-kursen\\\/melden-sie-sich-fuer-unsere-sommer-kizomba-intensivkurse-in-madrid-an\\\/#respond\"]}]},{\"@type\":\"WebPage\",\"@id\":\"https:\\\/\\\/nukiz.org\\\/de\\\/neuigkeiten-und-updates-zu-unseren-kizomba-kursen\\\/melden-sie-sich-fuer-unsere-sommer-kizomba-intensivkurse-in-madrid-an\\\/\",\"url\":\"https:\\\/\\\/nukiz.org\\\/de\\\/neuigkeiten-und-updates-zu-unseren-kizomba-kursen\\\/melden-sie-sich-fuer-unsere-sommer-kizomba-intensivkurse-in-madrid-an\\\/\",\"name\":\"Melden Sie sich f\u00fcr unsere Sommer-Kizomba-Intensivkurse in Madrid an! - NuKiz | Madrid Kizomba Revolution\",\"isPartOf\":{\"@id\":\"https:\\\/\\\/nukiz.org\\\/de\\\/#website\"},\"primaryImageOfPage\":{\"@id\":\"https:\\\/\\\/nukiz.org\\\/de\\\/neuigkeiten-und-updates-zu-unseren-kizomba-kursen\\\/melden-sie-sich-fuer-unsere-sommer-kizomba-intensivkurse-in-madrid-an\\\/#primaryimage\"},\"image\":{\"@id\":\"https:\\\/\\\/nukiz.org\\\/de\\\/neuigkeiten-und-updates-zu-unseren-kizomba-kursen\\\/melden-sie-sich-fuer-unsere-sommer-kizomba-intensivkurse-in-madrid-an\\\/#primaryimage\"},\"thumbnailUrl\":\"https:\\\/\\\/nukiz.org\\\/wp-content\\\/uploads\\\/2024\\\/07\\\/nukiz_verano_2024.png\",\"datePublished\":\"2024-07-08T08:42:42+00:00\",\"dateModified\":\"2024-07-08T08:43:07+00:00\",\"breadcrumb\":{\"@id\":\"https:\\\/\\\/nukiz.org\\\/de\\\/neuigkeiten-und-updates-zu-unseren-kizomba-kursen\\\/melden-sie-sich-fuer-unsere-sommer-kizomba-intensivkurse-in-madrid-an\\\/#breadcrumb\"},\"inLanguage\":\"de\",\"potentialAction\":[{\"@type\":\"ReadAction\",\"target\":[\"https:\\\/\\\/nukiz.org\\\/de\\\/neuigkeiten-und-updates-zu-unseren-kizomba-kursen\\\/melden-sie-sich-fuer-unsere-sommer-kizomba-intensivkurse-in-madrid-an\\\/\"]}]},{\"@type\":\"ImageObject\",\"inLanguage\":\"de\",\"@id\":\"https:\\\/\\\/nukiz.org\\\/de\\\/neuigkeiten-und-updates-zu-unseren-kizomba-kursen\\\/melden-sie-sich-fuer-unsere-sommer-kizomba-intensivkurse-in-madrid-an\\\/#primaryimage\",\"url\":\"https:\\\/\\\/nukiz.org\\\/wp-content\\\/uploads\\\/2024\\\/07\\\/nukiz_verano_2024.png\",\"contentUrl\":\"https:\\\/\\\/nukiz.org\\\/wp-content\\\/uploads\\\/2024\\\/07\\\/nukiz_verano_2024.png\",\"width\":712,\"height\":572},{\"@type\":\"BreadcrumbList\",\"@id\":\"https:\\\/\\\/nukiz.org\\\/de\\\/neuigkeiten-und-updates-zu-unseren-kizomba-kursen\\\/melden-sie-sich-fuer-unsere-sommer-kizomba-intensivkurse-in-madrid-an\\\/#breadcrumb\",\"itemListElement\":[{\"@type\":\"ListItem\",\"position\":1,\"name\":\"Portada\",\"item\":\"https:\\\/\\\/nukiz.org\\\/de\\\/nukiz-madrid-kizomba-revolution\\\/\"},{\"@type\":\"ListItem\",\"position\":2,\"name\":\"Melden Sie sich f\u00fcr unsere Sommer-Kizomba-Intensivkurse in Madrid an!\"}]},{\"@type\":\"WebSite\",\"@id\":\"https:\\\/\\\/nukiz.org\\\/de\\\/#website\",\"url\":\"https:\\\/\\\/nukiz.org\\\/de\\\/\",\"name\":\"NuKiz | Madrid Kizomba Revolution\",\"description\":\"Clases, intensivos, talleres y fiestas de urban kiz, tarraxo &amp; kizomba fusi\u00f3n en Madrid.\",\"publisher\":{\"@id\":\"https:\\\/\\\/nukiz.org\\\/de\\\/#organization\"},\"potentialAction\":[{\"@type\":\"SearchAction\",\"target\":{\"@type\":\"EntryPoint\",\"urlTemplate\":\"https:\\\/\\\/nukiz.org\\\/de\\\/?s={search_term_string}\"},\"query-input\":{\"@type\":\"PropertyValueSpecification\",\"valueRequired\":true,\"valueName\":\"search_term_string\"}}],\"inLanguage\":\"de\"},{\"@type\":\"Organization\",\"@id\":\"https:\\\/\\\/nukiz.org\\\/de\\\/#organization\",\"name\":\"NuKiz - Madrid Urban Kiz & Fusion Collective\",\"url\":\"https:\\\/\\\/nukiz.org\\\/de\\\/\",\"logo\":{\"@type\":\"ImageObject\",\"inLanguage\":\"de\",\"@id\":\"https:\\\/\\\/nukiz.org\\\/de\\\/#\\\/schema\\\/logo\\\/image\\\/\",\"url\":\"https:\\\/\\\/nukiz.org\\\/wp-content\\\/uploads\\\/2022\\\/04\\\/logo_wass.png\",\"contentUrl\":\"https:\\\/\\\/nukiz.org\\\/wp-content\\\/uploads\\\/2022\\\/04\\\/logo_wass.png\",\"width\":250,\"height\":250,\"caption\":\"NuKiz - Madrid Urban Kiz & Fusion Collective\"},\"image\":{\"@id\":\"https:\\\/\\\/nukiz.org\\\/de\\\/#\\\/schema\\\/logo\\\/image\\\/\"}},{\"@type\":\"Person\",\"@id\":\"https:\\\/\\\/nukiz.org\\\/de\\\/#\\\/schema\\\/person\\\/933c33060312577e455e8e3b79f37df5\",\"name\":\"alfred\",\"image\":{\"@type\":\"ImageObject\",\"inLanguage\":\"de\",\"@id\":\"https:\\\/\\\/secure.gravatar.com\\\/avatar\\\/97c3f6fd9099bd7d4bc02ab2b8140cc6d4ebcf41ad9c05c327730570c27902af?s=96&d=mm&r=g\",\"url\":\"https:\\\/\\\/secure.gravatar.com\\\/avatar\\\/97c3f6fd9099bd7d4bc02ab2b8140cc6d4ebcf41ad9c05c327730570c27902af?s=96&d=mm&r=g\",\"contentUrl\":\"https:\\\/\\\/secure.gravatar.com\\\/avatar\\\/97c3f6fd9099bd7d4bc02ab2b8140cc6d4ebcf41ad9c05c327730570c27902af?s=96&d=mm&r=g\",\"caption\":\"alfred\"},\"sameAs\":[\"https:\\\/\\\/nukiz.org\"],\"url\":\"https:\\\/\\\/nukiz.org\\\/de\\\/author\\\/alfred\\\/\"}]}<\/script>\n<!-- \/ Yoast SEO plugin. -->","yoast_head_json":{"title":"Melden Sie sich f\u00fcr unsere Sommer-Kizomba-Intensivkurse in Madrid an! - NuKiz | Madrid Kizomba Revolution","robots":{"index":"index","follow":"follow","max-snippet":"max-snippet:-1","max-image-preview":"max-image-preview:large","max-video-preview":"max-video-preview:-1"},"canonical":"https:\/\/nukiz.org\/de\/neuigkeiten-und-updates-zu-unseren-kizomba-kursen\/melden-sie-sich-fuer-unsere-sommer-kizomba-intensivkurse-in-madrid-an\/","og_locale":"de_DE","og_type":"article","og_title":"Melden Sie sich f\u00fcr unsere Sommer-Kizomba-Intensivkurse in Madrid an! - NuKiz | Madrid Kizomba Revolution","og_description":"Der Sommer ist gleichbedeutend mit Spa\u00df, langen Tagen und warmen N\u00e4chten, neuen Erfahrungen und &#8211; f\u00fcr viele von uns &#8211; viel Tanz. Wir bei nukiz wissen, dass es nichts L\u00e4ngeres [&hellip;]","og_url":"https:\/\/nukiz.org\/de\/neuigkeiten-und-updates-zu-unseren-kizomba-kursen\/melden-sie-sich-fuer-unsere-sommer-kizomba-intensivkurse-in-madrid-an\/","og_site_name":"NuKiz | Madrid Kizomba Revolution","article_published_time":"2024-07-08T08:42:42+00:00","article_modified_time":"2024-07-08T08:43:07+00:00","og_image":[{"width":712,"height":572,"url":"https:\/\/nukiz.org\/wp-content\/uploads\/2024\/07\/nukiz_verano_2024.png","type":"image\/png"}],"author":"alfred","twitter_card":"summary_large_image","twitter_misc":{"Verfasst von":"alfred","Gesch\u00e4tzte Lesezeit":"1\u00a0Minute"},"schema":{"@context":"https:\/\/schema.org","@graph":[{"@type":"Article","@id":"https:\/\/nukiz.org\/de\/neuigkeiten-und-updates-zu-unseren-kizomba-kursen\/melden-sie-sich-fuer-unsere-sommer-kizomba-intensivkurse-in-madrid-an\/#article","isPartOf":{"@id":"https:\/\/nukiz.org\/de\/neuigkeiten-und-updates-zu-unseren-kizomba-kursen\/melden-sie-sich-fuer-unsere-sommer-kizomba-intensivkurse-in-madrid-an\/"},"author":{"name":"alfred","@id":"https:\/\/nukiz.org\/de\/#\/schema\/person\/933c33060312577e455e8e3b79f37df5"},"headline":"Melden Sie sich f\u00fcr unsere Sommer-Kizomba-Intensivkurse in Madrid an!","datePublished":"2024-07-08T08:42:42+00:00","dateModified":"2024-07-08T08:43:07+00:00","mainEntityOfPage":{"@id":"https:\/\/nukiz.org\/de\/neuigkeiten-und-updates-zu-unseren-kizomba-kursen\/melden-sie-sich-fuer-unsere-sommer-kizomba-intensivkurse-in-madrid-an\/"},"wordCount":283,"commentCount":0,"publisher":{"@id":"https:\/\/nukiz.org\/de\/#organization"},"image":{"@id":"https:\/\/nukiz.org\/de\/neuigkeiten-und-updates-zu-unseren-kizomba-kursen\/melden-sie-sich-fuer-unsere-sommer-kizomba-intensivkurse-in-madrid-an\/#primaryimage"},"thumbnailUrl":"https:\/\/nukiz.org\/wp-content\/uploads\/2024\/07\/nukiz_verano_2024.png","articleSection":["Neuigkeiten und Updates zu unseren Kizomba-Kursen"],"inLanguage":"de","potentialAction":[{"@type":"CommentAction","name":"Comment","target":["https:\/\/nukiz.org\/de\/neuigkeiten-und-updates-zu-unseren-kizomba-kursen\/melden-sie-sich-fuer-unsere-sommer-kizomba-intensivkurse-in-madrid-an\/#respond"]}]},{"@type":"WebPage","@id":"https:\/\/nukiz.org\/de\/neuigkeiten-und-updates-zu-unseren-kizomba-kursen\/melden-sie-sich-fuer-unsere-sommer-kizomba-intensivkurse-in-madrid-an\/","url":"https:\/\/nukiz.org\/de\/neuigkeiten-und-updates-zu-unseren-kizomba-kursen\/melden-sie-sich-fuer-unsere-sommer-kizomba-intensivkurse-in-madrid-an\/","name":"Melden Sie sich f\u00fcr unsere Sommer-Kizomba-Intensivkurse in Madrid an! - NuKiz | Madrid Kizomba Revolution","isPartOf":{"@id":"https:\/\/nukiz.org\/de\/#website"},"primaryImageOfPage":{"@id":"https:\/\/nukiz.org\/de\/neuigkeiten-und-updates-zu-unseren-kizomba-kursen\/melden-sie-sich-fuer-unsere-sommer-kizomba-intensivkurse-in-madrid-an\/#primaryimage"},"image":{"@id":"https:\/\/nukiz.org\/de\/neuigkeiten-und-updates-zu-unseren-kizomba-kursen\/melden-sie-sich-fuer-unsere-sommer-kizomba-intensivkurse-in-madrid-an\/#primaryimage"},"thumbnailUrl":"https:\/\/nukiz.org\/wp-content\/uploads\/2024\/07\/nukiz_verano_2024.png","datePublished":"2024-07-08T08:42:42+00:00","dateModified":"2024-07-08T08:43:07+00:00","breadcrumb":{"@id":"https:\/\/nukiz.org\/de\/neuigkeiten-und-updates-zu-unseren-kizomba-kursen\/melden-sie-sich-fuer-unsere-sommer-kizomba-intensivkurse-in-madrid-an\/#breadcrumb"},"inLanguage":"de","potentialAction":[{"@type":"ReadAction","target":["https:\/\/nukiz.org\/de\/neuigkeiten-und-updates-zu-unseren-kizomba-kursen\/melden-sie-sich-fuer-unsere-sommer-kizomba-intensivkurse-in-madrid-an\/"]}]},{"@type":"ImageObject","inLanguage":"de","@id":"https:\/\/nukiz.org\/de\/neuigkeiten-und-updates-zu-unseren-kizomba-kursen\/melden-sie-sich-fuer-unsere-sommer-kizomba-intensivkurse-in-madrid-an\/#primaryimage","url":"https:\/\/nukiz.org\/wp-content\/uploads\/2024\/07\/nukiz_verano_2024.png","contentUrl":"https:\/\/nukiz.org\/wp-content\/uploads\/2024\/07\/nukiz_verano_2024.png","width":712,"height":572},{"@type":"BreadcrumbList","@id":"https:\/\/nukiz.org\/de\/neuigkeiten-und-updates-zu-unseren-kizomba-kursen\/melden-sie-sich-fuer-unsere-sommer-kizomba-intensivkurse-in-madrid-an\/#breadcrumb","itemListElement":[{"@type":"ListItem","position":1,"name":"Portada","item":"https:\/\/nukiz.org\/de\/nukiz-madrid-kizomba-revolution\/"},{"@type":"ListItem","position":2,"name":"Melden Sie sich f\u00fcr unsere Sommer-Kizomba-Intensivkurse in Madrid an!"}]},{"@type":"WebSite","@id":"https:\/\/nukiz.org\/de\/#website","url":"https:\/\/nukiz.org\/de\/","name":"NuKiz | Madrid Kizomba Revolution","description":"Clases, intensivos, talleres y fiestas de urban kiz, tarraxo &amp; kizomba fusi\u00f3n en Madrid.","publisher":{"@id":"https:\/\/nukiz.org\/de\/#organization"},"potentialAction":[{"@type":"SearchAction","target":{"@type":"EntryPoint","urlTemplate":"https:\/\/nukiz.org\/de\/?s={search_term_string}"},"query-input":{"@type":"PropertyValueSpecification","valueRequired":true,"valueName":"search_term_string"}}],"inLanguage":"de"},{"@type":"Organization","@id":"https:\/\/nukiz.org\/de\/#organization","name":"NuKiz - Madrid Urban Kiz & Fusion Collective","url":"https:\/\/nukiz.org\/de\/","logo":{"@type":"ImageObject","inLanguage":"de","@id":"https:\/\/nukiz.org\/de\/#\/schema\/logo\/image\/","url":"https:\/\/nukiz.org\/wp-content\/uploads\/2022\/04\/logo_wass.png","contentUrl":"https:\/\/nukiz.org\/wp-content\/uploads\/2022\/04\/logo_wass.png","width":250,"height":250,"caption":"NuKiz - Madrid Urban Kiz & Fusion Collective"},"image":{"@id":"https:\/\/nukiz.org\/de\/#\/schema\/logo\/image\/"}},{"@type":"Person","@id":"https:\/\/nukiz.org\/de\/#\/schema\/person\/933c33060312577e455e8e3b79f37df5","name":"alfred","image":{"@type":"ImageObject","inLanguage":"de","@id":"https:\/\/secure.gravatar.com\/avatar\/97c3f6fd9099bd7d4bc02ab2b8140cc6d4ebcf41ad9c05c327730570c27902af?s=96&d=mm&r=g","url":"https:\/\/secure.gravatar.com\/avatar\/97c3f6fd9099bd7d4bc02ab2b8140cc6d4ebcf41ad9c05c327730570c27902af?s=96&d=mm&r=g","contentUrl":"https:\/\/secure.gravatar.com\/avatar\/97c3f6fd9099bd7d4bc02ab2b8140cc6d4ebcf41ad9c05c327730570c27902af?s=96&d=mm&r=g","caption":"alfred"},"sameAs":["https:\/\/nukiz.org"],"url":"https:\/\/nukiz.org\/de\/author\/alfred\/"}]}},"jetpack_featured_media_url":"https:\/\/nukiz.org\/wp-content\/uploads\/2024\/07\/nukiz_verano_2024.png","jetpack_sharing_enabled":true,"_links":{"self":[{"href":"https:\/\/nukiz.org\/de\/wp-json\/wp\/v2\/posts\/2811","targetHints":{"allow":["GET"]}}],"collection":[{"href":"https:\/\/nukiz.org\/de\/wp-json\/wp\/v2\/posts"}],"about":[{"href":"https:\/\/nukiz.org\/de\/wp-json\/wp\/v2\/types\/post"}],"author":[{"embeddable":true,"href":"https:\/\/nukiz.org\/de\/wp-json\/wp\/v2\/users\/1"}],"replies":[{"embeddable":true,"href":"https:\/\/nukiz.org\/de\/wp-json\/wp\/v2\/comments?post=2811"}],"version-history":[{"count":1,"href":"https:\/\/nukiz.org\/de\/wp-json\/wp\/v2\/posts\/2811\/revisions"}],"predecessor-version":[{"id":2812,"href":"https:\/\/nukiz.org\/de\/wp-json\/wp\/v2\/posts\/2811\/revisions\/2812"}],"wp:featuredmedia":[{"embeddable":true,"href":"https:\/\/nukiz.org\/de\/wp-json\/wp\/v2\/media\/2799"}],"wp:attachment":[{"href":"https:\/\/nukiz.org\/de\/wp-json\/wp\/v2\/media?parent=2811"}],"wp:term":[{"taxonomy":"category","embeddable":true,"href":"https:\/\/nukiz.org\/de\/wp-json\/wp\/v2\/categories?post=2811"},{"taxonomy":"post_tag","embeddable":true,"href":"https:\/\/nukiz.org\/de\/wp-json\/wp\/v2\/tags?post=2811"}],"curies":[{"name":"wp","href":"https:\/\/api.w.org\/{rel}","templated":true}]}}